{"id":7692,"date":"2011-06-03T06:16:00","date_gmt":"2011-06-03T06:16:00","guid":{"rendered":"https:\/\/cqcorporate.nyamga.com\/?p=7692"},"modified":"2023-12-22T19:56:04","modified_gmt":"2023-12-22T19:56:04","slug":"igeho-nov-2011-in-basel","status":"publish","type":"post","link":"https:\/\/cqcorporatefashion.ch\/en\/igeho-nov-2011-in-basel\/","title":{"rendered":"Igeho November 2011 in Basel"},"content":{"rendered":"<div data-elementor-type=\"wp-post\" data-elementor-id=\"7692\" class=\"elementor elementor-7692\">\n\t\t\t\t<div class=\"elementor-element elementor-element-10690bf3 e-flex e-con-boxed e-con e-parent\" data-id=\"10690bf3\" data-element_type=\"container\" data-e-type=\"container\">\n\t\t\t\t\t<div class=\"e-con-inner\">\n\t\t\t\t<div class=\"elementor-element elementor-element-95f0ba9 elementor-widget elementor-widget-image\" data-id=\"95f0ba9\" data-element_type=\"widget\" data-e-type=\"widget\" data-widget_type=\"image.default\">\n\t\t\t\t<div class=\"elementor-widget-container\">\n\t\t\t\t\t\t\t\t\t\t\t\t\t\t\t<img fetchpriority=\"high\" decoding=\"async\" width=\"800\" height=\"533\" src=\"https:\/\/cqcorporatefashion.ch\/wp-content\/uploads\/2021\/04\/11.jpeg\" class=\"attachment-large size-large wp-image-7675\" alt=\"\" srcset=\"https:\/\/cqcorporatefashion.ch\/wp-content\/uploads\/2021\/04\/11.jpeg 800w, https:\/\/cqcorporatefashion.ch\/wp-content\/uploads\/2021\/04\/11-300x200.jpeg 300w, https:\/\/cqcorporatefashion.ch\/wp-content\/uploads\/2021\/04\/11-768x512.jpeg 768w, https:\/\/cqcorporatefashion.ch\/wp-content\/uploads\/2021\/04\/11-18x12.jpeg 18w\" sizes=\"(max-width: 800px) 100vw, 800px\" \/>\t\t\t\t\t\t\t\t\t\t\t\t\t\t\t<\/div>\n\t\t\t\t<\/div>\n\t\t\t\t<div class=\"elementor-element elementor-element-7fde08eb elementor-widget__width-initial elementor-widget elementor-widget-text-editor\" data-id=\"7fde08eb\" data-element_type=\"widget\" data-e-type=\"widget\" data-widget_type=\"text-editor.default\">\n\t\t\t\t<div class=\"elementor-widget-container\">\n\t\t\t\t\t\t\t\t\t<p>This is the fourth time that our company will be present at the Igeho. We are pleased to show you the latest pictures of our appearance on the \u201cWorld of Inspiration 2011\u201d platform. Thank you very much for visiting our stand. We are also happy to be there for you in our newly opened show room in Basel (very close to the Basel exhibition center where Igeho took place).<\/p>\t\t\t\t\t\t\t\t<\/div>\n\t\t\t\t<\/div>\n\t\t\t\t\t<\/div>\n\t\t\t\t<\/div>\n\t\t\t\t<\/div>","protected":false},"excerpt":{"rendered":"<p>Zum vierten Mal sind wir mit unserem Unternehmen an der Igeho pr\u00e4sent. Wir freuen uns Ihnen die neuesten Bilder unseres Auftrittes auf der Plattform \u201eWorld of Inspiration 2011\u201c zu zeigen. Besten Dank f\u00fcr Ihren Besuch an unserem Stand. Gerne sind wir auch in unserem neu er\u00f6ffneten Show Room in Basel f\u00fcr Sie da (ganz in [&hellip;]<\/p>\n","protected":false},"author":1,"featured_media":7675,"comment_status":"open","ping_status":"open","sticky":false,"template":"","format":"standard","meta":{"footnotes":""},"categories":[17],"tags":[],"class_list":["post-7692","post","type-post","status-publish","format-standard","has-post-thumbnail","hentry","category-general"],"blocksy_meta":[],"yoast_head":"<!-- This site is optimized with the Yoast SEO plugin v27.2 - https:\/\/yoast.com\/product\/yoast-seo-wordpress\/ -->\n<title>Igeho Nov. 2011 in Basel - CQ Corporate Fashion GmbH | Sophie Chiquet<\/title>\n<meta name=\"robots\" content=\"index, follow, max-snippet:-1, max-image-preview:large, max-video-preview:-1\" \/>\n<link rel=\"canonical\" href=\"https:\/\/cqcorporatefashion.ch\/en\/igeho-nov-2011-in-basel\/\" \/>\n<meta property=\"og:locale\" content=\"en_US\" \/>\n<meta property=\"og:type\" content=\"article\" \/>\n<meta property=\"og:title\" content=\"Igeho Nov. 2011 in Basel - CQ Corporate Fashion GmbH | Sophie Chiquet\" \/>\n<meta property=\"og:description\" content=\"Zum vierten Mal sind wir mit unserem Unternehmen an der Igeho pr\u00e4sent. Wir freuen uns Ihnen die neuesten Bilder unseres Auftrittes auf der Plattform \u201eWorld of Inspiration 2011\u201c zu zeigen. Besten Dank f\u00fcr Ihren Besuch an unserem Stand. Gerne sind wir auch in unserem neu er\u00f6ffneten Show Room in Basel f\u00fcr Sie da (ganz in [&hellip;]\" \/>\n<meta property=\"og:url\" content=\"https:\/\/cqcorporatefashion.ch\/en\/igeho-nov-2011-in-basel\/\" \/>\n<meta property=\"og:site_name\" content=\"CQ Corporate Fashion GmbH | Sophie Chiquet\" \/>\n<meta property=\"article:published_time\" content=\"2011-06-03T06:16:00+00:00\" \/>\n<meta property=\"article:modified_time\" content=\"2023-12-22T19:56:04+00:00\" \/>\n<meta property=\"og:image\" content=\"https:\/\/cqcorporatefashion.ch\/wp-content\/uploads\/2021\/04\/11.jpeg\" \/>\n\t<meta property=\"og:image:width\" content=\"800\" \/>\n\t<meta property=\"og:image:height\" content=\"533\" \/>\n\t<meta property=\"og:image:type\" content=\"image\/jpeg\" \/>\n<meta name=\"author\" content=\"admin\" \/>\n<meta name=\"twitter:card\" content=\"summary_large_image\" \/>\n<meta name=\"twitter:label1\" content=\"Written by\" \/>\n\t<meta name=\"twitter:data1\" content=\"admin\" \/>\n\t<meta name=\"twitter:label2\" content=\"Est. reading time\" \/>\n\t<meta name=\"twitter:data2\" content=\"1 minute\" \/>\n<script type=\"application\/ld+json\" class=\"yoast-schema-graph\">{\"@context\":\"https:\/\/schema.org\",\"@graph\":[{\"@type\":\"Article\",\"@id\":\"https:\/\/cqcorporatefashion.ch\/igeho-nov-2011-in-basel\/#article\",\"isPartOf\":{\"@id\":\"https:\/\/cqcorporatefashion.ch\/igeho-nov-2011-in-basel\/\"},\"author\":{\"name\":\"admin\",\"@id\":\"https:\/\/cqcorporatefashion.ch\/#\/schema\/person\/21e0bcd1420241bb2cd40d8c4cdcae6e\"},\"headline\":\"Igeho Nov. 2011 in Basel\",\"datePublished\":\"2011-06-03T06:16:00+00:00\",\"dateModified\":\"2023-12-22T19:56:04+00:00\",\"mainEntityOfPage\":{\"@id\":\"https:\/\/cqcorporatefashion.ch\/igeho-nov-2011-in-basel\/\"},\"wordCount\":74,\"commentCount\":0,\"publisher\":{\"@id\":\"https:\/\/cqcorporatefashion.ch\/#organization\"},\"image\":{\"@id\":\"https:\/\/cqcorporatefashion.ch\/igeho-nov-2011-in-basel\/#primaryimage\"},\"thumbnailUrl\":\"https:\/\/cqcorporatefashion.ch\/wp-content\/uploads\/2021\/04\/11.jpeg\",\"articleSection\":[\"General\"],\"inLanguage\":\"en-US\",\"potentialAction\":[{\"@type\":\"CommentAction\",\"name\":\"Comment\",\"target\":[\"https:\/\/cqcorporatefashion.ch\/igeho-nov-2011-in-basel\/#respond\"]}]},{\"@type\":\"WebPage\",\"@id\":\"https:\/\/cqcorporatefashion.ch\/igeho-nov-2011-in-basel\/\",\"url\":\"https:\/\/cqcorporatefashion.ch\/igeho-nov-2011-in-basel\/\",\"name\":\"Igeho Nov. 2011 in Basel - CQ Corporate Fashion GmbH | Sophie Chiquet\",\"isPartOf\":{\"@id\":\"https:\/\/cqcorporatefashion.ch\/#website\"},\"primaryImageOfPage\":{\"@id\":\"https:\/\/cqcorporatefashion.ch\/igeho-nov-2011-in-basel\/#primaryimage\"},\"image\":{\"@id\":\"https:\/\/cqcorporatefashion.ch\/igeho-nov-2011-in-basel\/#primaryimage\"},\"thumbnailUrl\":\"https:\/\/cqcorporatefashion.ch\/wp-content\/uploads\/2021\/04\/11.jpeg\",\"datePublished\":\"2011-06-03T06:16:00+00:00\",\"dateModified\":\"2023-12-22T19:56:04+00:00\",\"breadcrumb\":{\"@id\":\"https:\/\/cqcorporatefashion.ch\/igeho-nov-2011-in-basel\/#breadcrumb\"},\"inLanguage\":\"en-US\",\"potentialAction\":[{\"@type\":\"ReadAction\",\"target\":[\"https:\/\/cqcorporatefashion.ch\/igeho-nov-2011-in-basel\/\"]}]},{\"@type\":\"ImageObject\",\"inLanguage\":\"en-US\",\"@id\":\"https:\/\/cqcorporatefashion.ch\/igeho-nov-2011-in-basel\/#primaryimage\",\"url\":\"https:\/\/cqcorporatefashion.ch\/wp-content\/uploads\/2021\/04\/11.jpeg\",\"contentUrl\":\"https:\/\/cqcorporatefashion.ch\/wp-content\/uploads\/2021\/04\/11.jpeg\",\"width\":800,\"height\":533},{\"@type\":\"BreadcrumbList\",\"@id\":\"https:\/\/cqcorporatefashion.ch\/igeho-nov-2011-in-basel\/#breadcrumb\",\"itemListElement\":[{\"@type\":\"ListItem\",\"position\":1,\"name\":\"Home\",\"item\":\"https:\/\/cqcorporatefashion.ch\/\"},{\"@type\":\"ListItem\",\"position\":2,\"name\":\"Igeho Nov. 2011 in Basel\"}]},{\"@type\":\"WebSite\",\"@id\":\"https:\/\/cqcorporatefashion.ch\/#website\",\"url\":\"https:\/\/cqcorporatefashion.ch\/\",\"name\":\"CQ Corporate Fashion GmbH | Sophie Chiquet\",\"description\":\"Corporate Fashion | Uniforms | Imagewear | Workware\",\"publisher\":{\"@id\":\"https:\/\/cqcorporatefashion.ch\/#organization\"},\"potentialAction\":[{\"@type\":\"SearchAction\",\"target\":{\"@type\":\"EntryPoint\",\"urlTemplate\":\"https:\/\/cqcorporatefashion.ch\/?s={search_term_string}\"},\"query-input\":{\"@type\":\"PropertyValueSpecification\",\"valueRequired\":true,\"valueName\":\"search_term_string\"}}],\"inLanguage\":\"en-US\"},{\"@type\":\"Organization\",\"@id\":\"https:\/\/cqcorporatefashion.ch\/#organization\",\"name\":\"CQ Corporate Fashion GmbH | Sophie Chiquet\",\"url\":\"https:\/\/cqcorporatefashion.ch\/\",\"logo\":{\"@type\":\"ImageObject\",\"inLanguage\":\"en-US\",\"@id\":\"https:\/\/cqcorporatefashion.ch\/#\/schema\/logo\/image\/\",\"url\":\"https:\/\/cqcorporatefashion.ch\/wp-content\/uploads\/2024\/01\/logo-new-1-1.png\",\"contentUrl\":\"https:\/\/cqcorporatefashion.ch\/wp-content\/uploads\/2024\/01\/logo-new-1-1.png\",\"width\":534,\"height\":183,\"caption\":\"CQ Corporate Fashion GmbH | Sophie Chiquet\"},\"image\":{\"@id\":\"https:\/\/cqcorporatefashion.ch\/#\/schema\/logo\/image\/\"}},{\"@type\":\"Person\",\"@id\":\"https:\/\/cqcorporatefashion.ch\/#\/schema\/person\/21e0bcd1420241bb2cd40d8c4cdcae6e\",\"name\":\"admin\",\"image\":{\"@type\":\"ImageObject\",\"inLanguage\":\"en-US\",\"@id\":\"https:\/\/secure.gravatar.com\/avatar\/c496a65c76384add86160ccae4dea468a986400440c036c89e4244ac7bd6adbd?s=96&d=mm&r=g\",\"url\":\"https:\/\/secure.gravatar.com\/avatar\/c496a65c76384add86160ccae4dea468a986400440c036c89e4244ac7bd6adbd?s=96&d=mm&r=g\",\"contentUrl\":\"https:\/\/secure.gravatar.com\/avatar\/c496a65c76384add86160ccae4dea468a986400440c036c89e4244ac7bd6adbd?s=96&d=mm&r=g\",\"caption\":\"admin\"},\"sameAs\":[\"https:\/\/cqcorporatefashion.ch\"],\"url\":\"https:\/\/cqcorporatefashion.ch\/en\/author\/admin\/\"}]}<\/script>\n<!-- \/ Yoast SEO plugin. -->","yoast_head_json":{"title":"Igeho Nov. 2011 in Basel - CQ Corporate Fashion GmbH | Sophie Chiquet","robots":{"index":"index","follow":"follow","max-snippet":"max-snippet:-1","max-image-preview":"max-image-preview:large","max-video-preview":"max-video-preview:-1"},"canonical":"https:\/\/cqcorporatefashion.ch\/en\/igeho-nov-2011-in-basel\/","og_locale":"en_US","og_type":"article","og_title":"Igeho Nov. 2011 in Basel - CQ Corporate Fashion GmbH | Sophie Chiquet","og_description":"Zum vierten Mal sind wir mit unserem Unternehmen an der Igeho pr\u00e4sent. Wir freuen uns Ihnen die neuesten Bilder unseres Auftrittes auf der Plattform \u201eWorld of Inspiration 2011\u201c zu zeigen. Besten Dank f\u00fcr Ihren Besuch an unserem Stand. Gerne sind wir auch in unserem neu er\u00f6ffneten Show Room in Basel f\u00fcr Sie da (ganz in [&hellip;]","og_url":"https:\/\/cqcorporatefashion.ch\/en\/igeho-nov-2011-in-basel\/","og_site_name":"CQ Corporate Fashion GmbH | Sophie Chiquet","article_published_time":"2011-06-03T06:16:00+00:00","article_modified_time":"2023-12-22T19:56:04+00:00","og_image":[{"width":800,"height":533,"url":"https:\/\/cqcorporatefashion.ch\/wp-content\/uploads\/2021\/04\/11.jpeg","type":"image\/jpeg"}],"author":"admin","twitter_card":"summary_large_image","twitter_misc":{"Written by":"admin","Est. reading time":"1 minute"},"schema":{"@context":"https:\/\/schema.org","@graph":[{"@type":"Article","@id":"https:\/\/cqcorporatefashion.ch\/igeho-nov-2011-in-basel\/#article","isPartOf":{"@id":"https:\/\/cqcorporatefashion.ch\/igeho-nov-2011-in-basel\/"},"author":{"name":"admin","@id":"https:\/\/cqcorporatefashion.ch\/#\/schema\/person\/21e0bcd1420241bb2cd40d8c4cdcae6e"},"headline":"Igeho Nov. 2011 in Basel","datePublished":"2011-06-03T06:16:00+00:00","dateModified":"2023-12-22T19:56:04+00:00","mainEntityOfPage":{"@id":"https:\/\/cqcorporatefashion.ch\/igeho-nov-2011-in-basel\/"},"wordCount":74,"commentCount":0,"publisher":{"@id":"https:\/\/cqcorporatefashion.ch\/#organization"},"image":{"@id":"https:\/\/cqcorporatefashion.ch\/igeho-nov-2011-in-basel\/#primaryimage"},"thumbnailUrl":"https:\/\/cqcorporatefashion.ch\/wp-content\/uploads\/2021\/04\/11.jpeg","articleSection":["General"],"inLanguage":"en-US","potentialAction":[{"@type":"CommentAction","name":"Comment","target":["https:\/\/cqcorporatefashion.ch\/igeho-nov-2011-in-basel\/#respond"]}]},{"@type":"WebPage","@id":"https:\/\/cqcorporatefashion.ch\/igeho-nov-2011-in-basel\/","url":"https:\/\/cqcorporatefashion.ch\/igeho-nov-2011-in-basel\/","name":"Igeho Nov. 2011 in Basel - CQ Corporate Fashion GmbH | Sophie Chiquet","isPartOf":{"@id":"https:\/\/cqcorporatefashion.ch\/#website"},"primaryImageOfPage":{"@id":"https:\/\/cqcorporatefashion.ch\/igeho-nov-2011-in-basel\/#primaryimage"},"image":{"@id":"https:\/\/cqcorporatefashion.ch\/igeho-nov-2011-in-basel\/#primaryimage"},"thumbnailUrl":"https:\/\/cqcorporatefashion.ch\/wp-content\/uploads\/2021\/04\/11.jpeg","datePublished":"2011-06-03T06:16:00+00:00","dateModified":"2023-12-22T19:56:04+00:00","breadcrumb":{"@id":"https:\/\/cqcorporatefashion.ch\/igeho-nov-2011-in-basel\/#breadcrumb"},"inLanguage":"en-US","potentialAction":[{"@type":"ReadAction","target":["https:\/\/cqcorporatefashion.ch\/igeho-nov-2011-in-basel\/"]}]},{"@type":"ImageObject","inLanguage":"en-US","@id":"https:\/\/cqcorporatefashion.ch\/igeho-nov-2011-in-basel\/#primaryimage","url":"https:\/\/cqcorporatefashion.ch\/wp-content\/uploads\/2021\/04\/11.jpeg","contentUrl":"https:\/\/cqcorporatefashion.ch\/wp-content\/uploads\/2021\/04\/11.jpeg","width":800,"height":533},{"@type":"BreadcrumbList","@id":"https:\/\/cqcorporatefashion.ch\/igeho-nov-2011-in-basel\/#breadcrumb","itemListElement":[{"@type":"ListItem","position":1,"name":"Home","item":"https:\/\/cqcorporatefashion.ch\/"},{"@type":"ListItem","position":2,"name":"Igeho Nov. 2011 in Basel"}]},{"@type":"WebSite","@id":"https:\/\/cqcorporatefashion.ch\/#website","url":"https:\/\/cqcorporatefashion.ch\/","name":"CQ Corporate Fashion GmbH | Sophie Chiquet","description":"Corporate Fashion | Uniforms | Imagewear | Workware","publisher":{"@id":"https:\/\/cqcorporatefashion.ch\/#organization"},"potentialAction":[{"@type":"SearchAction","target":{"@type":"EntryPoint","urlTemplate":"https:\/\/cqcorporatefashion.ch\/?s={search_term_string}"},"query-input":{"@type":"PropertyValueSpecification","valueRequired":true,"valueName":"search_term_string"}}],"inLanguage":"en-US"},{"@type":"Organization","@id":"https:\/\/cqcorporatefashion.ch\/#organization","name":"CQ Corporate Fashion GmbH | Sophie Chiquet","url":"https:\/\/cqcorporatefashion.ch\/","logo":{"@type":"ImageObject","inLanguage":"en-US","@id":"https:\/\/cqcorporatefashion.ch\/#\/schema\/logo\/image\/","url":"https:\/\/cqcorporatefashion.ch\/wp-content\/uploads\/2024\/01\/logo-new-1-1.png","contentUrl":"https:\/\/cqcorporatefashion.ch\/wp-content\/uploads\/2024\/01\/logo-new-1-1.png","width":534,"height":183,"caption":"CQ Corporate Fashion GmbH | Sophie Chiquet"},"image":{"@id":"https:\/\/cqcorporatefashion.ch\/#\/schema\/logo\/image\/"}},{"@type":"Person","@id":"https:\/\/cqcorporatefashion.ch\/#\/schema\/person\/21e0bcd1420241bb2cd40d8c4cdcae6e","name":"admin","image":{"@type":"ImageObject","inLanguage":"en-US","@id":"https:\/\/secure.gravatar.com\/avatar\/c496a65c76384add86160ccae4dea468a986400440c036c89e4244ac7bd6adbd?s=96&d=mm&r=g","url":"https:\/\/secure.gravatar.com\/avatar\/c496a65c76384add86160ccae4dea468a986400440c036c89e4244ac7bd6adbd?s=96&d=mm&r=g","contentUrl":"https:\/\/secure.gravatar.com\/avatar\/c496a65c76384add86160ccae4dea468a986400440c036c89e4244ac7bd6adbd?s=96&d=mm&r=g","caption":"admin"},"sameAs":["https:\/\/cqcorporatefashion.ch"],"url":"https:\/\/cqcorporatefashion.ch\/en\/author\/admin\/"}]}},"_links":{"self":[{"href":"https:\/\/cqcorporatefashion.ch\/en\/wp-json\/wp\/v2\/posts\/7692","targetHints":{"allow":["GET"]}}],"collection":[{"href":"https:\/\/cqcorporatefashion.ch\/en\/wp-json\/wp\/v2\/posts"}],"about":[{"href":"https:\/\/cqcorporatefashion.ch\/en\/wp-json\/wp\/v2\/types\/post"}],"author":[{"embeddable":true,"href":"https:\/\/cqcorporatefashion.ch\/en\/wp-json\/wp\/v2\/users\/1"}],"replies":[{"embeddable":true,"href":"https:\/\/cqcorporatefashion.ch\/en\/wp-json\/wp\/v2\/comments?post=7692"}],"version-history":[{"count":7,"href":"https:\/\/cqcorporatefashion.ch\/en\/wp-json\/wp\/v2\/posts\/7692\/revisions"}],"predecessor-version":[{"id":8074,"href":"https:\/\/cqcorporatefashion.ch\/en\/wp-json\/wp\/v2\/posts\/7692\/revisions\/8074"}],"wp:featuredmedia":[{"embeddable":true,"href":"https:\/\/cqcorporatefashion.ch\/en\/wp-json\/wp\/v2\/media\/7675"}],"wp:attachment":[{"href":"https:\/\/cqcorporatefashion.ch\/en\/wp-json\/wp\/v2\/media?parent=7692"}],"wp:term":[{"taxonomy":"category","embeddable":true,"href":"https:\/\/cqcorporatefashion.ch\/en\/wp-json\/wp\/v2\/categories?post=7692"},{"taxonomy":"post_tag","embeddable":true,"href":"https:\/\/cqcorporatefashion.ch\/en\/wp-json\/wp\/v2\/tags?post=7692"}],"curies":[{"name":"wp","href":"https:\/\/api.w.org\/{rel}","templated":true}]}}