{"id":7663,"date":"2021-04-29T06:05:00","date_gmt":"2021-04-29T06:05:00","guid":{"rendered":"https:\/\/cqcorporate.nyamga.com\/?p=7663"},"modified":"2024-01-25T17:51:04","modified_gmt":"2024-01-25T17:51:04","slug":"muellvermeidung-im-alltag-waschbare-hygienemasken-im-hygiene-set-fuer-eine-bessere-oekobilanz","status":"publish","type":"post","link":"https:\/\/cqcorporatefashion.ch\/en\/muellvermeidung-im-alltag-waschbare-hygienemasken-im-hygiene-set-fuer-eine-bessere-oekobilanz\/","title":{"rendered":"Avoiding waste in everyday life: Washable hygiene masks in a hygiene set for a better ecological balance"},"content":{"rendered":"<div data-elementor-type=\"wp-post\" data-elementor-id=\"7663\" class=\"elementor elementor-7663\">\n\t\t\t\t<div class=\"elementor-element elementor-element-2b5d7118 e-flex e-con-boxed e-con e-parent\" data-id=\"2b5d7118\" data-element_type=\"container\" data-e-type=\"container\">\n\t\t\t\t\t<div class=\"e-con-inner\">\n\t\t\t\t<div class=\"elementor-element elementor-element-57affb31 elementor-widget elementor-widget-image\" data-id=\"57affb31\" data-element_type=\"widget\" data-e-type=\"widget\" data-widget_type=\"image.default\">\n\t\t\t\t<div class=\"elementor-widget-container\">\n\t\t\t\t\t\t\t\t\t\t\t\t\t\t\t<img fetchpriority=\"high\" decoding=\"async\" width=\"1024\" height=\"613\" src=\"https:\/\/cqcorporatefashion.ch\/wp-content\/uploads\/2021\/04\/2-1024x613.jpg\" class=\"attachment-large size-large wp-image-7665\" alt=\"\" srcset=\"https:\/\/cqcorporatefashion.ch\/wp-content\/uploads\/2021\/04\/2-1024x613.jpg 1024w, https:\/\/cqcorporatefashion.ch\/wp-content\/uploads\/2021\/04\/2-300x180.jpg 300w, https:\/\/cqcorporatefashion.ch\/wp-content\/uploads\/2021\/04\/2-768x460.jpg 768w, https:\/\/cqcorporatefashion.ch\/wp-content\/uploads\/2021\/04\/2-1536x920.jpg 1536w, https:\/\/cqcorporatefashion.ch\/wp-content\/uploads\/2021\/04\/2-2048x1226.jpg 2048w, https:\/\/cqcorporatefashion.ch\/wp-content\/uploads\/2021\/04\/2-18x12.jpg 18w\" sizes=\"(max-width: 1024px) 100vw, 1024px\" \/>\t\t\t\t\t\t\t\t\t\t\t\t\t\t\t<\/div>\n\t\t\t\t<\/div>\n\t\t\t\t<div class=\"elementor-element elementor-element-4a328db7 elementor-widget__width-initial elementor-widget elementor-widget-text-editor\" data-id=\"4a328db7\" data-element_type=\"widget\" data-e-type=\"widget\" data-widget_type=\"text-editor.default\">\n\t\t\t\t<div class=\"elementor-widget-container\">\n\t\t\t\t\t\t\t\t\t<p><em>Sophie Chiquet, the Basel-based \u201cFranco-Suisse\u201d entrepreneur based in Zurich, is setting new standards for reusable, antiviral and breathable masks made from easy-care PET recycled materials<\/em><\/p>\t\t\t\t\t\t\t\t<\/div>\n\t\t\t\t<\/div>\n\t\t\t\t<div class=\"elementor-element elementor-element-6489365 elementor-widget__width-initial elementor-widget elementor-widget-text-editor\" data-id=\"6489365\" data-element_type=\"widget\" data-e-type=\"widget\" data-widget_type=\"text-editor.default\">\n\t\t\t\t<div class=\"elementor-widget-container\">\n\t\t\t\t\t\t\t\t\t<p><em><strong>Z\u00fcrich, 29.04.2021<\/strong>\u00a0- The Basel company founder Sophie Chiquet has been creating, developing and producing uniforms and workwear for over 20 years. When the pandemic broke out, she immediately anticipated: \u201cWith the countless disposable masks, the oceans are facing the next disaster.\u201d That's why the innovative textile entrepreneur quickly decided to develop and produce 'protective clothing' and reusable fabric masks in addition to 'corporate fashion'. In close collaboration with experts from science and medicine, the pioneer is now bringing the third generation of washable masks onto the market. These are antivirally treated, hydrophobically coated and certified according to AFNOR SPEC S76-001, CWA and OEKO-TEX STANDARD 100. They not only protect the environment, but also your wallet and, with their functional design, they also serve as a fashion statement.<\/em><\/p>\t\t\t\t\t\t\t\t<\/div>\n\t\t\t\t<\/div>\n\t\t\t\t<div class=\"elementor-element elementor-element-838ca9b elementor-widget__width-initial elementor-widget elementor-widget-text-editor\" data-id=\"838ca9b\" data-element_type=\"widget\" data-e-type=\"widget\" data-widget_type=\"text-editor.default\">\n\t\t\t\t<div class=\"elementor-widget-container\">\n\t\t\t\t\t\t\t\t\t<p>\u201cIn Switzerland, masks are required in many places. In general, wear a mask when you are not at home and cannot consistently maintain your distance from other people.\u201d You can read this on the website of the Federal Office of Public Health BAG. No fewer than nine different types of masks - from the commonly known medical face mask to the mask with a transparent window - are listed on the website. In Asia, the habit of wearing masks, which is new to us, has been practiced for a long time. But how can it be possible to protect the environment despite the increased need for protection and not overstretch the budget?<\/p>\t\t\t\t\t\t\t\t<\/div>\n\t\t\t\t<\/div>\n\t\t\t\t<div class=\"elementor-element elementor-element-0bc939d elementor-widget__width-initial elementor-widget elementor-widget-text-editor\" data-id=\"0bc939d\" data-element_type=\"widget\" data-e-type=\"widget\" data-widget_type=\"text-editor.default\">\n\t\t\t\t<div class=\"elementor-widget-container\">\n\t\t\t\t\t\t\t\t\t<h2 class=\"fusion-responsive-typography-calculated\" data-fontsize=\"25\" data-lineheight=\"27px\">3 million masks per minute<\/h2>\t\t\t\t\t\t\t\t<\/div>\n\t\t\t\t<\/div>\n\t\t\t\t<div class=\"elementor-element elementor-element-5bbadb2 elementor-widget__width-initial elementor-widget elementor-widget-text-editor\" data-id=\"5bbadb2\" data-element_type=\"widget\" data-e-type=\"widget\" data-widget_type=\"text-editor.default\">\n\t\t\t\t<div class=\"elementor-widget-container\">\n\t\t\t\t\t\t\t\t\t<p>Recent studies estimate that 129 billion face masks are used worldwide every month. This equates to 3 million masks per minute. Most of them are disposable face masks made from hard-to-degrade polypropylene, a thermoplastic. In addition, most masks consist of several layers whose composite materials make recycling impossible. The improper disposal of disposable masks, for example on streets, in parks, forests, lakes or rivers, puts even greater strain on the environment.<\/p>\t\t\t\t\t\t\t\t<\/div>\n\t\t\t\t<\/div>\n\t\t\t\t<div class=\"elementor-element elementor-element-d51ad4d elementor-widget__width-initial elementor-widget elementor-widget-text-editor\" data-id=\"d51ad4d\" data-element_type=\"widget\" data-e-type=\"widget\" data-widget_type=\"text-editor.default\">\n\t\t\t\t<div class=\"elementor-widget-container\">\n\t\t\t\t\t\t\t\t\t<h2 class=\"fusion-responsive-typography-calculated\" data-fontsize=\"25\" data-lineheight=\"27px\">WEARING IS CARING! Sustainability \u201cby design\u201d<\/h2>\t\t\t\t\t\t\t\t<\/div>\n\t\t\t\t<\/div>\n\t\t\t\t<div class=\"elementor-element elementor-element-38793c0 elementor-widget__width-initial elementor-widget elementor-widget-text-editor\" data-id=\"38793c0\" data-element_type=\"widget\" data-e-type=\"widget\" data-widget_type=\"text-editor.default\">\n\t\t\t\t<div class=\"elementor-widget-container\">\n\t\t\t\t\t\t\t\t\t<p>The Swiss design thinker and textile entrepreneur Sophie Chiquet has been aware of this problem since the beginning of the current corona pandemic. During the lockdown, she launched reusable, washable masks in a hygiene set, which have been available for retail online since April 2020. Since March 2021, the latest third-generation CQ masks have also been available in the tried-and-tested CQ hygiene set via online subscription or retail in selected pharmacies. True to the motto 'WEARING IS CARING!' Sophie Chiquet also supplemented her range of uniforms right at the beginning of the Corona crisis with a modular set of washable CQ hygiene masks, including a sustainable CQ hygiene set for on the go. The masks, filters and textile pens are delivered in the two antiviral or hydrophobic 'Wash me\/Carry me' fabric bags. In this way, the entrepreneur avoids unnecessary packaging waste during logistics and delivery. The washable CQ hygiene set provides a stylish and environmentally friendly alternative to the glut of disposable masks, which consumers can easily care for with their household linen and then use as storage bags afterwards. \u201cA set to enjoy \u2013 despite the circumstances!\u201d says Sophie Chiquet, commenting on the well-thought-out concept.<\/p>\t\t\t\t\t\t\t\t<\/div>\n\t\t\t\t<\/div>\n\t\t\t\t<div class=\"elementor-element elementor-element-417a31a elementor-widget__width-initial elementor-widget elementor-widget-text-editor\" data-id=\"417a31a\" data-element_type=\"widget\" data-e-type=\"widget\" data-widget_type=\"text-editor.default\">\n\t\t\t\t<div class=\"elementor-widget-container\">\n\t\t\t\t\t\t\t\t\t<h2 class=\"fusion-responsive-typography-calculated\" data-fontsize=\"25\" data-lineheight=\"27px\">Out of love for the environment and fellow human beings<\/h2>\t\t\t\t\t\t\t\t<\/div>\n\t\t\t\t<\/div>\n\t\t\t\t<div class=\"elementor-element elementor-element-9020511 elementor-widget__width-initial elementor-widget elementor-widget-text-editor\" data-id=\"9020511\" data-element_type=\"widget\" data-e-type=\"widget\" data-widget_type=\"text-editor.default\">\n\t\t\t\t<div class=\"elementor-widget-container\">\n\t\t\t\t\t\t\t\t\t<p>The abbreviation \u201cCQ\u201d not only stands for the brand \u201cchiQuet\u201d, but also for \u201cCollective Quotient\u201d.\nThat's why the prudent entrepreneur donates a certain percentage of sales to environmental organizations that work for clean oceans. \u201cThe offer is aimed at mindful companies, consumers and people who want to take care of nature, the common good and the community,\u201d explains Sophie Chiquet.<br \/>Deshalb spendet die umsichtige Unternehmerin einen gewissen Prozentsatz des Umsatzes an Umweltorganisationen, welche sich f\u00fcr saubere Ozeane einsetzen. \u00abDamit richtet sich das Angebot an achtsame Unternehmen, Konsument:innen und Menschen, die Sorge zu Natur, Gemeinwohl und der Gemeinschaft tragen wollen\u00bb, erkl\u00e4rt Sophie Chiquet.<\/p>\t\t\t\t\t\t\t\t<\/div>\n\t\t\t\t<\/div>\n\t\t\t\t<div class=\"elementor-element elementor-element-fc08805 elementor-widget__width-initial elementor-widget elementor-widget-text-editor\" data-id=\"fc08805\" data-element_type=\"widget\" data-e-type=\"widget\" data-widget_type=\"text-editor.default\">\n\t\t\t\t<div class=\"elementor-widget-container\">\n\t\t\t\t\t\t\t\t\t<h2 class=\"fusion-responsive-typography-calculated\" data-fontsize=\"25\" data-lineheight=\"27px\">CQ masks in the 'CQ Hygiene Set To Go' - Swiss innovation by subscription<\/h2>\t\t\t\t\t\t\t\t<\/div>\n\t\t\t\t<\/div>\n\t\t\t\t<div class=\"elementor-element elementor-element-d4e6550 elementor-widget__width-initial elementor-widget elementor-widget-text-editor\" data-id=\"d4e6550\" data-element_type=\"widget\" data-e-type=\"widget\" data-widget_type=\"text-editor.default\">\n\t\t\t\t<div class=\"elementor-widget-container\">\n\t\t\t\t\t\t\t\t\t<p>The 3rd generation of reusable, globally design-protected hygiene masks from the chiQuet brand is something special. All elements of the mask as well as the anti-viral treatment and the hydrophobic, biocompatible finish are \u00d6KO-TEX STANDARD 100 certified and at least 50 times wash-resistant. The viral reduction of antiviral treatment is 99.9% within 30 minutes. Their effectiveness against COVID-19 was tested in accordance with the ISO18184-2019 standard. The masks are also certified according to CWA and AFNOR S76-001. As a member of the interdisciplinary consortia EMPA, ReMask and Promask, Sophie Chiquet, together with partners from industry, biotech, medtech, universities and private institutions, is committed to the goal of continuously developing reusable high-performance masks for everyday use. The result is chiQuet's third generation of face masks called 'CQ-M3b', which are now available in the \" CQ Hygiene Starter Set To Go \" both online in retail sales and by subscription as well as in pharmacies such as the Amavita Apotheke Stadthaus in Basel.<a href=\"https:\/\/cqprotectiveclothing.com\/masken\/cq-starter-hygiene-set-protect-one-adult\/\">CQ Hygiene Starter Set To Go<\/a>\u00bb sowohl online im Einzelverkauf als auch im Abonnement sowie in Apotheken wie der Amavita Apotheke Stadthaus in Basel erh\u00e4ltlich sind.<\/p>\t\t\t\t\t\t\t\t<\/div>\n\t\t\t\t<\/div>\n\t\t\t\t<div class=\"elementor-element elementor-element-d842cce elementor-widget__width-initial elementor-widget elementor-widget-text-editor\" data-id=\"d842cce\" data-element_type=\"widget\" data-e-type=\"widget\" data-widget_type=\"text-editor.default\">\n\t\t\t\t<div class=\"elementor-widget-container\">\n\t\t\t\t\t\t\t\t\t<h2 class=\"fusion-responsive-typography-calculated\" data-fontsize=\"25\" data-lineheight=\"27px\">Gentle on the environment and your wallet<\/h2>\t\t\t\t\t\t\t\t<\/div>\n\t\t\t\t<\/div>\n\t\t\t\t<div class=\"elementor-element elementor-element-8afe466 elementor-widget__width-initial elementor-widget elementor-widget-text-editor\" data-id=\"8afe466\" data-element_type=\"widget\" data-e-type=\"widget\" data-widget_type=\"text-editor.default\">\n\t\t\t\t<div class=\"elementor-widget-container\">\n\t\t\t\t\t\t\t\t\t<p>A mask in the \u00ab<a href=\"https:\/\/cqprotectiveclothing.com\/masken\/cq-starter-hygiene-set-protect-one-adult\/\">CQ Hygiene-Set To Go<\/a>is tested for at least 50 washes and, at a maximum of CHF 1.55 per starter set, is even cheaper than a disposable mask, with the advantage that all the accessories in the set are already included in the price. The practical hygiene set therefore beats disposable masks by far: \u201cIf you look at the frequency with which the washable face masks can be worn, compared to conventional disposable masks, they not only protect nature and the environment, but also your wallet,\u201d explains Sophie Chiquet.<\/p><p>In addition to the antiviral treatment and the filter protection film, the three-layer mask also scores points with the particularly soft and breathable materials, which flatter the skin and increase wearing comfort. The individually adjustable, super soft straps with adjustable stoppers also contribute to this, which can be adapted to any face shape from 12 years old. Companies also have the option of branding or individualizing the CQ masks in the hygiene set in their corporate design and matching them to the corporate fashion uniform (100% customizing). Filters and masks are washable at 60\u00b0C. Their safety is confirmed and certified for at least 50 washes. Thanks to the CQ mask hygiene set concept, the two \u201cWash-me\/Carry-me\u201d fabric bags also optimize safety during appropriate storage and washing.<\/p>\t\t\t\t\t\t\t\t<\/div>\n\t\t\t\t<\/div>\n\t\t\t\t<div class=\"elementor-element elementor-element-927a50b elementor-widget__width-initial elementor-widget elementor-widget-text-editor\" data-id=\"927a50b\" data-element_type=\"widget\" data-e-type=\"widget\" data-widget_type=\"text-editor.default\">\n\t\t\t\t<div class=\"elementor-widget-container\">\n\t\t\t\t\t\t\t\t\t<h2 class=\"fusion-responsive-typography-calculated\" data-fontsize=\"25\" data-lineheight=\"27px\">Cooperation since April 2020 with the Swiss skin care expert \u201cTal\u201d<\/h2>\t\t\t\t\t\t\t\t<\/div>\n\t\t\t\t<\/div>\n\t\t\t\t<div class=\"elementor-element elementor-element-152f540 elementor-widget__width-initial elementor-widget elementor-widget-text-editor\" data-id=\"152f540\" data-element_type=\"widget\" data-e-type=\"widget\" data-widget_type=\"text-editor.default\">\n\t\t\t\t<div class=\"elementor-widget-container\">\n\t\t\t\t\t\t\t\t\t<p>With their cooperation, \u201cchiQuet Protective Clothing\u201d and the Swiss skin care expert \u201cTal\u201d demonstrate how national synergies respond to the needs of customers. Tal has expanded its range to include various hygiene products and offers disinfectants made in Switzerland. The disinfectant gel not only impresses with its BAG-tested virucidal, bactericidal and mycobactericidal properties, but also with its simultaneous care for stressed hands. The food-safe sprays are suitable for both hand and surface disinfection. With its Swiss quality and short delivery routes, Tal fits perfectly into the CQ hygiene set range from \u201cchiQuet Protective Clothing\u201d.<\/p><p>And what's next in Sophie Chiquet's washable mask and hygiene set range? The mask made from biodegradable materials? Anyone who knows Sophie Chiquet would not be surprised by this. For now, the agile entrepreneur is continuing to work on exciting concepts, including for 'Protective Clothing' and expanding the range. Details will follow shortly.<\/p>\t\t\t\t\t\t\t\t<\/div>\n\t\t\t\t<\/div>\n\t\t\t\t<div class=\"elementor-element elementor-element-05bd4ba elementor-widget-divider--view-line elementor-widget elementor-widget-divider\" data-id=\"05bd4ba\" data-element_type=\"widget\" data-e-type=\"widget\" data-widget_type=\"divider.default\">\n\t\t\t\t<div class=\"elementor-widget-container\">\n\t\t\t\t\t\t\t<div class=\"elementor-divider\">\n\t\t\t<span class=\"elementor-divider-separator\">\n\t\t\t\t\t\t<\/span>\n\t\t<\/div>\n\t\t\t\t\t\t<\/div>\n\t\t\t\t<\/div>\n\t\t\t\t<div class=\"elementor-element elementor-element-aabf08c elementor-widget__width-initial elementor-widget elementor-widget-text-editor\" data-id=\"aabf08c\" data-element_type=\"widget\" data-e-type=\"widget\" data-widget_type=\"text-editor.default\">\n\t\t\t\t<div class=\"elementor-widget-container\">\n\t\t\t\t\t\t\t\t\t<h2 class=\"fusion-responsive-typography-calculated\" data-fontsize=\"25\" data-lineheight=\"27px\">Sophie Chiquet: From Dior to personalized corporate fashion uniforms to protective clothing and hygiene masks. Experienced entrepreneurial agility for 23 years<\/h2>\t\t\t\t\t\t\t\t<\/div>\n\t\t\t\t<\/div>\n\t\t\t\t<div class=\"elementor-element elementor-element-b11fe38 elementor-widget__width-initial elementor-widget elementor-widget-text-editor\" data-id=\"b11fe38\" data-element_type=\"widget\" data-e-type=\"widget\" data-widget_type=\"text-editor.default\">\n\t\t\t\t<div class=\"elementor-widget-container\">\n\t\t\t\t\t\t\t\t\t<p>She designed for Dior and Herm\u00e9s in Paris, for Escada and Laur\u00e8l in Munich and worked as chief designer at fabric FRONTLINE ZURICH. In 1998, Sophie Chiquet founded her own company: \u201cCQ Corporate Fashion GmbH\u201d. Their uniforms and workwear are valued by well-known customers from the aviation, catering and hotel sectors, trade and services, industry, pharmaceuticals and banking.<\/p><p>With the coronavirus, the entrepreneur began developing washable hygiene masks in a hygiene set for companies, freelancers (non-medical), individuals, students and families under the name \u201cchiQuet Protective Clothing\u201d and at her selected production sites in Switzerland and Europe to produce. \u201cWith the washable hygiene masks in the hygiene set, I would like to show companies and the public an environmentally friendly alternative to disposable masks. The protective measures will remain a top priority for some time to come. By using washable hygiene masks, we can contribute to a safe and environmentally friendly measure to combat the pandemic,\" says the smart entrepreneur.<\/p>\t\t\t\t\t\t\t\t<\/div>\n\t\t\t\t<\/div>\n\t\t\t\t<div class=\"elementor-element elementor-element-aacd0e5 elementor-widget__width-initial elementor-widget elementor-widget-text-editor\" data-id=\"aacd0e5\" data-element_type=\"widget\" data-e-type=\"widget\" data-widget_type=\"text-editor.default\">\n\t\t\t\t<div class=\"elementor-widget-container\">\n\t\t\t\t\t\t\t\t\t<h2 class=\"fusion-responsive-typography-calculated\" data-fontsize=\"25\" data-lineheight=\"27px\">About \u201cchiQuet Corporate Fashion\u201d and \u201cchiQuet Protective Clothing\u201d<\/h2>\t\t\t\t\t\t\t\t<\/div>\n\t\t\t\t<\/div>\n\t\t\t\t<div class=\"elementor-element elementor-element-95e0a92 elementor-widget__width-initial elementor-widget elementor-widget-text-editor\" data-id=\"95e0a92\" data-element_type=\"widget\" data-e-type=\"widget\" data-widget_type=\"text-editor.default\">\n\t\t\t\t<div class=\"elementor-widget-container\">\n\t\t\t\t\t\t\t\t\t<p>For over two decades, \u201cCQ Corporate Fashion GmbH\u201d has been bridging the gap between scientific innovation, lifestyle, art and the fashion industry. With a philosophy influenced by Dior, Herm\u00e8s, Escada, Laur\u00e8l and Fabric Frontline, the \u201cchiQuet Corporte Fashion\u201d brand has specialized for over two decades in transforming a company's identity into its image clothing collection. The innovative concept collections at the highest level are as individual as the companies and customers themselves. Design thinking expertise flows into each of these projects to take fashion to the next level.<\/p><p>\u201cCQ Corporate Fashion GmbH\u201d brings a UX strategic holistic approach to interdisciplinary collaborations and delivers the product design creations, prototyping phases including their iteration through to production in order to market a fashionable, scientifically sound and environmentally friendly product and its series production is aligned with the certification criteria. Collaboration with additional licensing partners is being sought for the global marketing of the third generation of masks. Sophie Chiquet looks forward to getting in touch.<\/p>\t\t\t\t\t\t\t\t<\/div>\n\t\t\t\t<\/div>\n\t\t\t\t<div class=\"elementor-element elementor-element-6eaea28 elementor-widget__width-initial elementor-widget elementor-widget-text-editor\" data-id=\"6eaea28\" data-element_type=\"widget\" data-e-type=\"widget\" data-widget_type=\"text-editor.default\">\n\t\t\t\t<div class=\"elementor-widget-container\">\n\t\t\t\t\t\t\t\t\t<h2 class=\"fusion-responsive-typography-calculated\" data-fontsize=\"25\" data-lineheight=\"27px\">Contact:<\/h2>\t\t\t\t\t\t\t\t<\/div>\n\t\t\t\t<\/div>\n\t\t\t\t<div class=\"elementor-element elementor-element-b551d84 elementor-widget__width-initial elementor-widget elementor-widget-text-editor\" data-id=\"b551d84\" data-element_type=\"widget\" data-e-type=\"widget\" data-widget_type=\"text-editor.default\">\n\t\t\t\t<div class=\"elementor-widget-container\">\n\t\t\t\t\t\t\t\t\t<p>CQ Corporate Fashion GmbH | \u201cchiQuet Corporate Fashion\u201d &amp; \u201cchiQuet Protective Clothing\u201d<br \/>Sophie Chiquet<\/p><p><br \/><a href=\"tel:0041763193448\">T +41 76 319 34 48<\/a><br \/><a href=\"mailto:info@cqcorporatefashion.ch\">info@cqcorporatefashion.ch<\/a><br \/><a href=\"http:\/\/www.cqprotectiveclothing.ch\/\">www.cqprotectiveclothing.ch<\/a><\/p><p><a href=\"https:\/\/cqcorporatefashion.ch\/wp-content\/uploads\/2024\/01\/DE_MM-CQ-Protective-Clothing-1.pdf\">Media release<\/a><br \/><a href=\"https:\/\/www.cqcorporatefashion.ch\/wp-content\/uploads\/2024\/01\/EN_MM-CQ-Protective-Clothing.pdf\">Press release<\/a><br \/><a href=\"https:\/\/www.cqcorporatefashion.ch\/wp-content\/uploads\/2024\/01\/FR_MM-CQ-Protective-Clothing.pdf\">Communiqu\u00e9 de presse<\/a><\/p>\t\t\t\t\t\t\t\t<\/div>\n\t\t\t\t<\/div>\n\t\t\t\t\t<\/div>\n\t\t\t\t<\/div>\n\t\t\t\t<\/div>","protected":false},"excerpt":{"rendered":"<p>Sophie Chiquet, die Basler \u00abFranco-Suisse\u00bb-Unternehmerin mit Sitz in Z\u00fcrich, setzt neue Standards f\u00fcr wiederverwendbare, antivirale und atmungsaktive Masken aus pflegeleichten PET Recycling-Stoffen Z\u00fcrich, 29.04.2021\u00a0\u2013 Seit \u00fcber 20 Jahren kreiert, entwickelt und produziert die Basler Unternehmens-Gr\u00fcnderin Sophie Chiquet Uniformen und Berufsbekleidung. Zum Ausbruch der Pandemie antizipierte sie umgehend: \u00abMit den zahllosen Wegwerfmasken steht den Ozeanen das [&hellip;]<\/p>\n","protected":false},"author":1,"featured_media":7665,"comment_status":"open","ping_status":"open","sticky":false,"template":"","format":"standard","meta":{"footnotes":""},"categories":[17],"tags":[],"class_list":["post-7663","post","type-post","status-publish","format-standard","has-post-thumbnail","hentry","category-general"],"blocksy_meta":[],"yoast_head":"<!-- This site is optimized with the Yoast SEO plugin v27.2 - https:\/\/yoast.com\/product\/yoast-seo-wordpress\/ -->\n<title>M\u00fcllvermeidung im Alltag: Waschbare Hygienemasken im Hygiene-Set f\u00fcr eine bessere \u00d6kobilanz - CQ Corporate Fashion GmbH | Sophie Chiquet<\/title>\n<meta name=\"robots\" content=\"index, follow, max-snippet:-1, max-image-preview:large, max-video-preview:-1\" \/>\n<link rel=\"canonical\" href=\"https:\/\/cqcorporatefashion.ch\/en\/muellvermeidung-im-alltag-waschbare-hygienemasken-im-hygiene-set-fuer-eine-bessere-oekobilanz\/\" \/>\n<meta property=\"og:locale\" content=\"en_US\" \/>\n<meta property=\"og:type\" content=\"article\" \/>\n<meta property=\"og:title\" content=\"M\u00fcllvermeidung im Alltag: Waschbare Hygienemasken im Hygiene-Set f\u00fcr eine bessere \u00d6kobilanz - CQ Corporate Fashion GmbH | Sophie Chiquet\" \/>\n<meta property=\"og:description\" content=\"Sophie Chiquet, die Basler \u00abFranco-Suisse\u00bb-Unternehmerin mit Sitz in Z\u00fcrich, setzt neue Standards f\u00fcr wiederverwendbare, antivirale und atmungsaktive Masken aus pflegeleichten PET Recycling-Stoffen Z\u00fcrich, 29.04.2021\u00a0\u2013 Seit \u00fcber 20 Jahren kreiert, entwickelt und produziert die Basler Unternehmens-Gr\u00fcnderin Sophie Chiquet Uniformen und Berufsbekleidung. Zum Ausbruch der Pandemie antizipierte sie umgehend: \u00abMit den zahllosen Wegwerfmasken steht den Ozeanen das [&hellip;]\" \/>\n<meta property=\"og:url\" content=\"https:\/\/cqcorporatefashion.ch\/en\/muellvermeidung-im-alltag-waschbare-hygienemasken-im-hygiene-set-fuer-eine-bessere-oekobilanz\/\" \/>\n<meta property=\"og:site_name\" content=\"CQ Corporate Fashion GmbH | Sophie Chiquet\" \/>\n<meta property=\"article:published_time\" content=\"2021-04-29T06:05:00+00:00\" \/>\n<meta property=\"article:modified_time\" content=\"2024-01-25T17:51:04+00:00\" \/>\n<meta property=\"og:image\" content=\"https:\/\/cqcorporatefashion.ch\/wp-content\/uploads\/2021\/04\/2.jpg\" \/>\n\t<meta property=\"og:image:width\" content=\"2560\" \/>\n\t<meta property=\"og:image:height\" content=\"1533\" \/>\n\t<meta property=\"og:image:type\" content=\"image\/jpeg\" \/>\n<meta name=\"author\" content=\"admin\" \/>\n<meta name=\"twitter:card\" content=\"summary_large_image\" \/>\n<meta name=\"twitter:label1\" content=\"Written by\" \/>\n\t<meta name=\"twitter:data1\" content=\"admin\" \/>\n\t<meta name=\"twitter:label2\" content=\"Est. reading time\" \/>\n\t<meta name=\"twitter:data2\" content=\"7 minutes\" \/>\n<script type=\"application\/ld+json\" class=\"yoast-schema-graph\">{\"@context\":\"https:\/\/schema.org\",\"@graph\":[{\"@type\":\"Article\",\"@id\":\"https:\/\/cqcorporatefashion.ch\/muellvermeidung-im-alltag-waschbare-hygienemasken-im-hygiene-set-fuer-eine-bessere-oekobilanz\/#article\",\"isPartOf\":{\"@id\":\"https:\/\/cqcorporatefashion.ch\/muellvermeidung-im-alltag-waschbare-hygienemasken-im-hygiene-set-fuer-eine-bessere-oekobilanz\/\"},\"author\":{\"name\":\"admin\",\"@id\":\"https:\/\/cqcorporatefashion.ch\/#\/schema\/person\/21e0bcd1420241bb2cd40d8c4cdcae6e\"},\"headline\":\"M\u00fcllvermeidung im Alltag: Waschbare Hygienemasken im Hygiene-Set f\u00fcr eine bessere \u00d6kobilanz\",\"datePublished\":\"2021-04-29T06:05:00+00:00\",\"dateModified\":\"2024-01-25T17:51:04+00:00\",\"mainEntityOfPage\":{\"@id\":\"https:\/\/cqcorporatefashion.ch\/muellvermeidung-im-alltag-waschbare-hygienemasken-im-hygiene-set-fuer-eine-bessere-oekobilanz\/\"},\"wordCount\":1513,\"commentCount\":0,\"publisher\":{\"@id\":\"https:\/\/cqcorporatefashion.ch\/#organization\"},\"image\":{\"@id\":\"https:\/\/cqcorporatefashion.ch\/muellvermeidung-im-alltag-waschbare-hygienemasken-im-hygiene-set-fuer-eine-bessere-oekobilanz\/#primaryimage\"},\"thumbnailUrl\":\"https:\/\/cqcorporatefashion.ch\/wp-content\/uploads\/2021\/04\/2.jpg\",\"articleSection\":[\"General\"],\"inLanguage\":\"en-US\",\"potentialAction\":[{\"@type\":\"CommentAction\",\"name\":\"Comment\",\"target\":[\"https:\/\/cqcorporatefashion.ch\/muellvermeidung-im-alltag-waschbare-hygienemasken-im-hygiene-set-fuer-eine-bessere-oekobilanz\/#respond\"]}]},{\"@type\":\"WebPage\",\"@id\":\"https:\/\/cqcorporatefashion.ch\/muellvermeidung-im-alltag-waschbare-hygienemasken-im-hygiene-set-fuer-eine-bessere-oekobilanz\/\",\"url\":\"https:\/\/cqcorporatefashion.ch\/muellvermeidung-im-alltag-waschbare-hygienemasken-im-hygiene-set-fuer-eine-bessere-oekobilanz\/\",\"name\":\"M\u00fcllvermeidung im Alltag: Waschbare Hygienemasken im Hygiene-Set f\u00fcr eine bessere \u00d6kobilanz - CQ Corporate Fashion GmbH | Sophie Chiquet\",\"isPartOf\":{\"@id\":\"https:\/\/cqcorporatefashion.ch\/#website\"},\"primaryImageOfPage\":{\"@id\":\"https:\/\/cqcorporatefashion.ch\/muellvermeidung-im-alltag-waschbare-hygienemasken-im-hygiene-set-fuer-eine-bessere-oekobilanz\/#primaryimage\"},\"image\":{\"@id\":\"https:\/\/cqcorporatefashion.ch\/muellvermeidung-im-alltag-waschbare-hygienemasken-im-hygiene-set-fuer-eine-bessere-oekobilanz\/#primaryimage\"},\"thumbnailUrl\":\"https:\/\/cqcorporatefashion.ch\/wp-content\/uploads\/2021\/04\/2.jpg\",\"datePublished\":\"2021-04-29T06:05:00+00:00\",\"dateModified\":\"2024-01-25T17:51:04+00:00\",\"breadcrumb\":{\"@id\":\"https:\/\/cqcorporatefashion.ch\/muellvermeidung-im-alltag-waschbare-hygienemasken-im-hygiene-set-fuer-eine-bessere-oekobilanz\/#breadcrumb\"},\"inLanguage\":\"en-US\",\"potentialAction\":[{\"@type\":\"ReadAction\",\"target\":[\"https:\/\/cqcorporatefashion.ch\/muellvermeidung-im-alltag-waschbare-hygienemasken-im-hygiene-set-fuer-eine-bessere-oekobilanz\/\"]}]},{\"@type\":\"ImageObject\",\"inLanguage\":\"en-US\",\"@id\":\"https:\/\/cqcorporatefashion.ch\/muellvermeidung-im-alltag-waschbare-hygienemasken-im-hygiene-set-fuer-eine-bessere-oekobilanz\/#primaryimage\",\"url\":\"https:\/\/cqcorporatefashion.ch\/wp-content\/uploads\/2021\/04\/2.jpg\",\"contentUrl\":\"https:\/\/cqcorporatefashion.ch\/wp-content\/uploads\/2021\/04\/2.jpg\",\"width\":2560,\"height\":1533},{\"@type\":\"BreadcrumbList\",\"@id\":\"https:\/\/cqcorporatefashion.ch\/muellvermeidung-im-alltag-waschbare-hygienemasken-im-hygiene-set-fuer-eine-bessere-oekobilanz\/#breadcrumb\",\"itemListElement\":[{\"@type\":\"ListItem\",\"position\":1,\"name\":\"Home\",\"item\":\"https:\/\/cqcorporatefashion.ch\/\"},{\"@type\":\"ListItem\",\"position\":2,\"name\":\"M\u00fcllvermeidung im Alltag: Waschbare Hygienemasken im Hygiene-Set f\u00fcr eine bessere \u00d6kobilanz\"}]},{\"@type\":\"WebSite\",\"@id\":\"https:\/\/cqcorporatefashion.ch\/#website\",\"url\":\"https:\/\/cqcorporatefashion.ch\/\",\"name\":\"CQ Corporate Fashion GmbH | Sophie Chiquet\",\"description\":\"Corporate Fashion | Uniforms | Imagewear | Workware\",\"publisher\":{\"@id\":\"https:\/\/cqcorporatefashion.ch\/#organization\"},\"potentialAction\":[{\"@type\":\"SearchAction\",\"target\":{\"@type\":\"EntryPoint\",\"urlTemplate\":\"https:\/\/cqcorporatefashion.ch\/?s={search_term_string}\"},\"query-input\":{\"@type\":\"PropertyValueSpecification\",\"valueRequired\":true,\"valueName\":\"search_term_string\"}}],\"inLanguage\":\"en-US\"},{\"@type\":\"Organization\",\"@id\":\"https:\/\/cqcorporatefashion.ch\/#organization\",\"name\":\"CQ Corporate Fashion GmbH | Sophie Chiquet\",\"url\":\"https:\/\/cqcorporatefashion.ch\/\",\"logo\":{\"@type\":\"ImageObject\",\"inLanguage\":\"en-US\",\"@id\":\"https:\/\/cqcorporatefashion.ch\/#\/schema\/logo\/image\/\",\"url\":\"https:\/\/cqcorporatefashion.ch\/wp-content\/uploads\/2024\/01\/logo-new-1-1.png\",\"contentUrl\":\"https:\/\/cqcorporatefashion.ch\/wp-content\/uploads\/2024\/01\/logo-new-1-1.png\",\"width\":534,\"height\":183,\"caption\":\"CQ Corporate Fashion GmbH | Sophie Chiquet\"},\"image\":{\"@id\":\"https:\/\/cqcorporatefashion.ch\/#\/schema\/logo\/image\/\"}},{\"@type\":\"Person\",\"@id\":\"https:\/\/cqcorporatefashion.ch\/#\/schema\/person\/21e0bcd1420241bb2cd40d8c4cdcae6e\",\"name\":\"admin\",\"image\":{\"@type\":\"ImageObject\",\"inLanguage\":\"en-US\",\"@id\":\"https:\/\/secure.gravatar.com\/avatar\/c496a65c76384add86160ccae4dea468a986400440c036c89e4244ac7bd6adbd?s=96&d=mm&r=g\",\"url\":\"https:\/\/secure.gravatar.com\/avatar\/c496a65c76384add86160ccae4dea468a986400440c036c89e4244ac7bd6adbd?s=96&d=mm&r=g\",\"contentUrl\":\"https:\/\/secure.gravatar.com\/avatar\/c496a65c76384add86160ccae4dea468a986400440c036c89e4244ac7bd6adbd?s=96&d=mm&r=g\",\"caption\":\"admin\"},\"sameAs\":[\"https:\/\/cqcorporatefashion.ch\"],\"url\":\"https:\/\/cqcorporatefashion.ch\/en\/author\/admin\/\"}]}<\/script>\n<!-- \/ Yoast SEO plugin. -->","yoast_head_json":{"title":"M\u00fcllvermeidung im Alltag: Waschbare Hygienemasken im Hygiene-Set f\u00fcr eine bessere \u00d6kobilanz - CQ Corporate Fashion GmbH | Sophie Chiquet","robots":{"index":"index","follow":"follow","max-snippet":"max-snippet:-1","max-image-preview":"max-image-preview:large","max-video-preview":"max-video-preview:-1"},"canonical":"https:\/\/cqcorporatefashion.ch\/en\/muellvermeidung-im-alltag-waschbare-hygienemasken-im-hygiene-set-fuer-eine-bessere-oekobilanz\/","og_locale":"en_US","og_type":"article","og_title":"M\u00fcllvermeidung im Alltag: Waschbare Hygienemasken im Hygiene-Set f\u00fcr eine bessere \u00d6kobilanz - CQ Corporate Fashion GmbH | Sophie Chiquet","og_description":"Sophie Chiquet, die Basler \u00abFranco-Suisse\u00bb-Unternehmerin mit Sitz in Z\u00fcrich, setzt neue Standards f\u00fcr wiederverwendbare, antivirale und atmungsaktive Masken aus pflegeleichten PET Recycling-Stoffen Z\u00fcrich, 29.04.2021\u00a0\u2013 Seit \u00fcber 20 Jahren kreiert, entwickelt und produziert die Basler Unternehmens-Gr\u00fcnderin Sophie Chiquet Uniformen und Berufsbekleidung. Zum Ausbruch der Pandemie antizipierte sie umgehend: \u00abMit den zahllosen Wegwerfmasken steht den Ozeanen das [&hellip;]","og_url":"https:\/\/cqcorporatefashion.ch\/en\/muellvermeidung-im-alltag-waschbare-hygienemasken-im-hygiene-set-fuer-eine-bessere-oekobilanz\/","og_site_name":"CQ Corporate Fashion GmbH | Sophie Chiquet","article_published_time":"2021-04-29T06:05:00+00:00","article_modified_time":"2024-01-25T17:51:04+00:00","og_image":[{"width":2560,"height":1533,"url":"https:\/\/cqcorporatefashion.ch\/wp-content\/uploads\/2021\/04\/2.jpg","type":"image\/jpeg"}],"author":"admin","twitter_card":"summary_large_image","twitter_misc":{"Written by":"admin","Est. reading time":"7 minutes"},"schema":{"@context":"https:\/\/schema.org","@graph":[{"@type":"Article","@id":"https:\/\/cqcorporatefashion.ch\/muellvermeidung-im-alltag-waschbare-hygienemasken-im-hygiene-set-fuer-eine-bessere-oekobilanz\/#article","isPartOf":{"@id":"https:\/\/cqcorporatefashion.ch\/muellvermeidung-im-alltag-waschbare-hygienemasken-im-hygiene-set-fuer-eine-bessere-oekobilanz\/"},"author":{"name":"admin","@id":"https:\/\/cqcorporatefashion.ch\/#\/schema\/person\/21e0bcd1420241bb2cd40d8c4cdcae6e"},"headline":"M\u00fcllvermeidung im Alltag: Waschbare Hygienemasken im Hygiene-Set f\u00fcr eine bessere \u00d6kobilanz","datePublished":"2021-04-29T06:05:00+00:00","dateModified":"2024-01-25T17:51:04+00:00","mainEntityOfPage":{"@id":"https:\/\/cqcorporatefashion.ch\/muellvermeidung-im-alltag-waschbare-hygienemasken-im-hygiene-set-fuer-eine-bessere-oekobilanz\/"},"wordCount":1513,"commentCount":0,"publisher":{"@id":"https:\/\/cqcorporatefashion.ch\/#organization"},"image":{"@id":"https:\/\/cqcorporatefashion.ch\/muellvermeidung-im-alltag-waschbare-hygienemasken-im-hygiene-set-fuer-eine-bessere-oekobilanz\/#primaryimage"},"thumbnailUrl":"https:\/\/cqcorporatefashion.ch\/wp-content\/uploads\/2021\/04\/2.jpg","articleSection":["General"],"inLanguage":"en-US","potentialAction":[{"@type":"CommentAction","name":"Comment","target":["https:\/\/cqcorporatefashion.ch\/muellvermeidung-im-alltag-waschbare-hygienemasken-im-hygiene-set-fuer-eine-bessere-oekobilanz\/#respond"]}]},{"@type":"WebPage","@id":"https:\/\/cqcorporatefashion.ch\/muellvermeidung-im-alltag-waschbare-hygienemasken-im-hygiene-set-fuer-eine-bessere-oekobilanz\/","url":"https:\/\/cqcorporatefashion.ch\/muellvermeidung-im-alltag-waschbare-hygienemasken-im-hygiene-set-fuer-eine-bessere-oekobilanz\/","name":"M\u00fcllvermeidung im Alltag: Waschbare Hygienemasken im Hygiene-Set f\u00fcr eine bessere \u00d6kobilanz - CQ Corporate Fashion GmbH | Sophie Chiquet","isPartOf":{"@id":"https:\/\/cqcorporatefashion.ch\/#website"},"primaryImageOfPage":{"@id":"https:\/\/cqcorporatefashion.ch\/muellvermeidung-im-alltag-waschbare-hygienemasken-im-hygiene-set-fuer-eine-bessere-oekobilanz\/#primaryimage"},"image":{"@id":"https:\/\/cqcorporatefashion.ch\/muellvermeidung-im-alltag-waschbare-hygienemasken-im-hygiene-set-fuer-eine-bessere-oekobilanz\/#primaryimage"},"thumbnailUrl":"https:\/\/cqcorporatefashion.ch\/wp-content\/uploads\/2021\/04\/2.jpg","datePublished":"2021-04-29T06:05:00+00:00","dateModified":"2024-01-25T17:51:04+00:00","breadcrumb":{"@id":"https:\/\/cqcorporatefashion.ch\/muellvermeidung-im-alltag-waschbare-hygienemasken-im-hygiene-set-fuer-eine-bessere-oekobilanz\/#breadcrumb"},"inLanguage":"en-US","potentialAction":[{"@type":"ReadAction","target":["https:\/\/cqcorporatefashion.ch\/muellvermeidung-im-alltag-waschbare-hygienemasken-im-hygiene-set-fuer-eine-bessere-oekobilanz\/"]}]},{"@type":"ImageObject","inLanguage":"en-US","@id":"https:\/\/cqcorporatefashion.ch\/muellvermeidung-im-alltag-waschbare-hygienemasken-im-hygiene-set-fuer-eine-bessere-oekobilanz\/#primaryimage","url":"https:\/\/cqcorporatefashion.ch\/wp-content\/uploads\/2021\/04\/2.jpg","contentUrl":"https:\/\/cqcorporatefashion.ch\/wp-content\/uploads\/2021\/04\/2.jpg","width":2560,"height":1533},{"@type":"BreadcrumbList","@id":"https:\/\/cqcorporatefashion.ch\/muellvermeidung-im-alltag-waschbare-hygienemasken-im-hygiene-set-fuer-eine-bessere-oekobilanz\/#breadcrumb","itemListElement":[{"@type":"ListItem","position":1,"name":"Home","item":"https:\/\/cqcorporatefashion.ch\/"},{"@type":"ListItem","position":2,"name":"M\u00fcllvermeidung im Alltag: Waschbare Hygienemasken im Hygiene-Set f\u00fcr eine bessere \u00d6kobilanz"}]},{"@type":"WebSite","@id":"https:\/\/cqcorporatefashion.ch\/#website","url":"https:\/\/cqcorporatefashion.ch\/","name":"CQ Corporate Fashion GmbH | Sophie Chiquet","description":"Corporate Fashion | Uniforms | Imagewear | Workware","publisher":{"@id":"https:\/\/cqcorporatefashion.ch\/#organization"},"potentialAction":[{"@type":"SearchAction","target":{"@type":"EntryPoint","urlTemplate":"https:\/\/cqcorporatefashion.ch\/?s={search_term_string}"},"query-input":{"@type":"PropertyValueSpecification","valueRequired":true,"valueName":"search_term_string"}}],"inLanguage":"en-US"},{"@type":"Organization","@id":"https:\/\/cqcorporatefashion.ch\/#organization","name":"CQ Corporate Fashion GmbH | Sophie Chiquet","url":"https:\/\/cqcorporatefashion.ch\/","logo":{"@type":"ImageObject","inLanguage":"en-US","@id":"https:\/\/cqcorporatefashion.ch\/#\/schema\/logo\/image\/","url":"https:\/\/cqcorporatefashion.ch\/wp-content\/uploads\/2024\/01\/logo-new-1-1.png","contentUrl":"https:\/\/cqcorporatefashion.ch\/wp-content\/uploads\/2024\/01\/logo-new-1-1.png","width":534,"height":183,"caption":"CQ Corporate Fashion GmbH | Sophie Chiquet"},"image":{"@id":"https:\/\/cqcorporatefashion.ch\/#\/schema\/logo\/image\/"}},{"@type":"Person","@id":"https:\/\/cqcorporatefashion.ch\/#\/schema\/person\/21e0bcd1420241bb2cd40d8c4cdcae6e","name":"admin","image":{"@type":"ImageObject","inLanguage":"en-US","@id":"https:\/\/secure.gravatar.com\/avatar\/c496a65c76384add86160ccae4dea468a986400440c036c89e4244ac7bd6adbd?s=96&d=mm&r=g","url":"https:\/\/secure.gravatar.com\/avatar\/c496a65c76384add86160ccae4dea468a986400440c036c89e4244ac7bd6adbd?s=96&d=mm&r=g","contentUrl":"https:\/\/secure.gravatar.com\/avatar\/c496a65c76384add86160ccae4dea468a986400440c036c89e4244ac7bd6adbd?s=96&d=mm&r=g","caption":"admin"},"sameAs":["https:\/\/cqcorporatefashion.ch"],"url":"https:\/\/cqcorporatefashion.ch\/en\/author\/admin\/"}]}},"_links":{"self":[{"href":"https:\/\/cqcorporatefashion.ch\/en\/wp-json\/wp\/v2\/posts\/7663","targetHints":{"allow":["GET"]}}],"collection":[{"href":"https:\/\/cqcorporatefashion.ch\/en\/wp-json\/wp\/v2\/posts"}],"about":[{"href":"https:\/\/cqcorporatefashion.ch\/en\/wp-json\/wp\/v2\/types\/post"}],"author":[{"embeddable":true,"href":"https:\/\/cqcorporatefashion.ch\/en\/wp-json\/wp\/v2\/users\/1"}],"replies":[{"embeddable":true,"href":"https:\/\/cqcorporatefashion.ch\/en\/wp-json\/wp\/v2\/comments?post=7663"}],"version-history":[{"count":16,"href":"https:\/\/cqcorporatefashion.ch\/en\/wp-json\/wp\/v2\/posts\/7663\/revisions"}],"predecessor-version":[{"id":8585,"href":"https:\/\/cqcorporatefashion.ch\/en\/wp-json\/wp\/v2\/posts\/7663\/revisions\/8585"}],"wp:featuredmedia":[{"embeddable":true,"href":"https:\/\/cqcorporatefashion.ch\/en\/wp-json\/wp\/v2\/media\/7665"}],"wp:attachment":[{"href":"https:\/\/cqcorporatefashion.ch\/en\/wp-json\/wp\/v2\/media?parent=7663"}],"wp:term":[{"taxonomy":"category","embeddable":true,"href":"https:\/\/cqcorporatefashion.ch\/en\/wp-json\/wp\/v2\/categories?post=7663"},{"taxonomy":"post_tag","embeddable":true,"href":"https:\/\/cqcorporatefashion.ch\/en\/wp-json\/wp\/v2\/tags?post=7663"}],"curies":[{"name":"wp","href":"https:\/\/api.w.org\/{rel}","templated":true}]}}